{"id":842,"date":"2021-12-23T15:58:20","date_gmt":"2021-12-23T14:58:20","guid":{"rendered":"https:\/\/www.visitflaeming.com\/?p=842"},"modified":"2021-12-23T16:22:21","modified_gmt":"2021-12-23T15:22:21","slug":"manege-frei-fuer-den-1-bad-belziger-weihnachtszirkus","status":"publish","type":"post","link":"https:\/\/www.visitflaeming.com\/?p=842","title":{"rendered":"Manege frei f\u00fcr den 1. Bad Belziger Weihnachtszirkus"},"content":{"rendered":"\n<p class=\"has-large-font-size\"><strong>CIRCUS ARAMANNT<\/strong><\/p>\n\n\n\n<p>Noch einmal schlafen, dann findet zum ersten Mal der Bad Belziger Weihnachtszirkus, pr\u00e4sentiert vom <strong>CIRCUS ARAMANNT<\/strong> aus Medewitzerh\u00fctten auf dem Turnplatz in Bad Belzig statt.<\/p>\n\n\n\n<p class=\"has-medium-font-size\">Gro\u00dfe Premiere ist Heiligabend, 24.12.2021 um 14 Uhr. <\/p>\n\n\n\n<p>Weitere Vorstellungen folgen dann an Sonn- und Feiertagen (auch am 1. und 2.Weihnachtsfeiertag) jeweils um 15 Uhr und in der Woche jeweils um 16 Uhr.&nbsp;<\/p>\n\n\n\n<p>Der <strong>CIRCUS ARAMANNT<\/strong> gastiert bis zum 02. Januar 2022 in der Kreisstadt Bad Belzig mit seinem Weihnachtszirkus.<\/p>\n\n\n\n<p>Als Gast bei diesem besonderen Weihnachtszirkus wird der Weihnachtsmann erwartet.&nbsp; Kinder, die in der Manege ein Weihnachtsgedicht aufzusagen k\u00f6nnen, werden vom Weihnachtsmann beschenkt.<\/p>\n\n\n\n<p>Ein H\u00f6hepunkt der Darbietung ist das vom <strong><strong>CIRCUS ARAMANNT<\/strong><\/strong> pr\u00e4sentierte &#8222;letzte Einhorn&#8220;, weitere H\u00f6hepunkte sind Schlangen und Artistik, die das Programm abrunden. Aber &#8230; wir m\u00f6chten an dieser Stelle nicht zu viel verraten, kommt vorbei und erlebt das Gef\u00fchl Zirkus selbst. <\/p>\n\n\n\n<p>In der Pause darf nat\u00fcrlich keine Zuckerwatte f\u00fcr kleine und gro\u00dfe Kinder fehlen. Wer sich mit dem Weihnachtsmann fotografieren lassen m\u00f6chte, finden ebenfalls in der Pause Gelegenheit dazu. <\/p>\n\n\n\n<p>Da wir uns immer noch in der Corona \u2013 Pandemie befinden, ist es besonders sch\u00f6n in dieser Zeit ein bisschen Kultur in der Stadt erleben zu d\u00fcrfen. Das ist nicht selbstverst\u00e4ndlich.<\/p>\n\n\n\n<p>Auch ein Zirkus muss sich an ein paar Regeln halten, alle Vorstellungen unter Einhaltung der bekannten 2G Regeln (geimpft oder genesen) statt. Kinder bis 14 Jahren ben\u00f6tigen keinen Nachweis und Jugendliche im Alter von 15 bis 18 Jahren ben\u00f6tigen einen tageaktuellen Test wenn sie nicht geimpft oder genesen sind.<\/p>\n\n\n\n<p>Damit wir den 1. Bad Belziger Weihnachtscircus auch erleben und genie\u00dfen k\u00f6nnen, ist R\u00fccksicht auf die Mitmenschen das Beste.<\/p>\n\n\n\n<p><strong>CIRCUS ARAMANNT<\/strong> , unser Heimatzirkus, freut sich \u00fcber viele Besucher auch in diesen besonderen Zeit und l\u00e4sst die Corona Pandemie f\u00fcr ein paar Stunden vergessen.<\/p>\n\n\n\n<p>Das Kulturerlebnis wird auch mit Mitteln aus dem Kulturfond der Stadt Bad Belzig gef\u00f6rdert.<\/p>\n\n\n\n<p>Mathias Wandel<\/p>\n\n\n\n<p>Unterst\u00fctzer des Weihnachtszirkus und Stadtverordneter in Bad Belzig<\/p>\n\n\n\n<p>Weitere Informationen zum Zirkus gibt es auf der Internetseite: <a href=\"http:\/\/www.aramannt.de\">http:\/\/www.aramannt.de<\/a><\/p>\n\n\n\n<p><\/p>\n","protected":false},"excerpt":{"rendered":"<p>CIRCUS ARAMANNT Noch einmal schlafen, dann findet zum ersten Mal der Bad Belziger Weihnachtszirkus, pr\u00e4sentiert vom CIRCUS ARAMANNT aus Medewitzerh\u00fctten auf dem Turnplatz in Bad Belzig statt. Gro\u00dfe Premiere ist Heiligabend, 24.12.2021 um 14 Uhr. Weitere Vorstellungen folgen dann an Sonn- und Feiertagen (auch am 1. und 2.Weihnachtsfeiertag) jeweils um<\/p>\n","protected":false},"author":1,"featured_media":0,"comment_status":"closed","ping_status":"closed","sticky":false,"template":"","format":"standard","meta":[],"categories":[1],"tags":[],"_links":{"self":[{"href":"https:\/\/www.visitflaeming.com\/index.php?rest_route=\/wp\/v2\/posts\/842"}],"collection":[{"href":"https:\/\/www.visitflaeming.com\/index.php?rest_route=\/wp\/v2\/posts"}],"about":[{"href":"https:\/\/www.visitflaeming.com\/index.php?rest_route=\/wp\/v2\/types\/post"}],"author":[{"embeddable":true,"href":"https:\/\/www.visitflaeming.com\/index.php?rest_route=\/wp\/v2\/users\/1"}],"replies":[{"embeddable":true,"href":"https:\/\/www.visitflaeming.com\/index.php?rest_route=%2Fwp%2Fv2%2Fcomments&post=842"}],"version-history":[{"count":3,"href":"https:\/\/www.visitflaeming.com\/index.php?rest_route=\/wp\/v2\/posts\/842\/revisions"}],"predecessor-version":[{"id":846,"href":"https:\/\/www.visitflaeming.com\/index.php?rest_route=\/wp\/v2\/posts\/842\/revisions\/846"}],"wp:attachment":[{"href":"https:\/\/www.visitflaeming.com\/index.php?rest_route=%2Fwp%2Fv2%2Fmedia&parent=842"}],"wp:term":[{"taxonomy":"category","embeddable":true,"href":"https:\/\/www.visitflaeming.com\/index.php?rest_route=%2Fwp%2Fv2%2Fcategories&post=842"},{"taxonomy":"post_tag","embeddable":true,"href":"https:\/\/www.visitflaeming.com\/index.php?rest_route=%2Fwp%2Fv2%2Ftags&post=842"}],"curies":[{"name":"wp","href":"https:\/\/api.w.org\/{rel}","templated":true}]}}