{"id":567,"date":"2021-03-19T00:01:00","date_gmt":"2021-03-18T23:01:00","guid":{"rendered":"http:\/\/www.visitflaeming.com\/?p=567"},"modified":"2021-04-19T19:01:13","modified_gmt":"2021-04-19T17:01:13","slug":"012-kreisstadt-mit-historischem-altstadtkern-bad-belzig","status":"publish","type":"post","link":"https:\/\/www.visitflaeming.com\/?p=567","title":{"rendered":"#012 Kreisstadt mit historischem Altstadtkern &#8211; Bad Belzig"},"content":{"rendered":"\n<p>Link zum &#x1f449; <a href=\"https:\/\/anchor.fm\/visitflaeming\/episodes\/012-Kreisstadt-mit-historischem-Altstadtkern---Bad-Belzig---visitFlming-Podcast-et0da1\" target=\"_blank\" rel=\"noreferrer noopener\">Podcast<\/a><\/p>\n\n\n\n<p>Als Bad darf sich Belzig erst seit 2010 bezeichnen. Heute ist Bad Belzig Kreisstadt des Landkreises Potsdam-Mittelmark und staatlich anerkanntes Thermalsole-Heilbad im Fl\u00e4ming. &nbsp;<\/p>\n\n\n\n<p>Hallo und herzlich Willkommen zum visitFl\u00e4ming Podcast, Deinem Podcast f\u00fcr die Reise &amp; Erlebnisregion Fl\u00e4ming. <\/p>\n\n\n\n<p>Nach unserem Motto \u201e Lust auf mehr Fl\u00e4ming\u201c h\u00f6rst die Folge 12 des visitFl\u00e4ming Podcast, wozu ich Dich sehr herzlich begr\u00fc\u00dfe!<\/p>\n\n\n\n<p>Wir laden Dich heute nach Bad Belzig in die Kreisstadt des Landkreises Potsdam-Mittelmark ein.&nbsp; In Mitten des Naturpark Hoher Fl\u00e4ming gelegen kann Bad Belzig auf eine ca. 1000 j\u00e4hrige Geschichte zur\u00fcckblicken.&nbsp;<\/p>\n\n\n\n<p>Aber auch in der j\u00fcngeren Vergangenheit hat sich Bad Belzig als Stadt mit dem j\u00fcngsten Thermalsole-Heilbad einen guten Ruf erworben und ist weit \u00fcber die Grenzen des Landkreises hinaus bekannt.&nbsp;<\/p>\n\n\n\n<p>Bad Belzig hat einen wundersch\u00f6nen historischen und gut erhaltenen Altstadtkern und ist Mitglied der Arbeitsgemeinschaft \u201eSt\u00e4dte mit historischen Stadtkernen\u201c.<\/p>\n\n\n\n<p>Die Kernstadt&nbsp; gliedert sich in vier Stadtteile; Altstadt, Kurparksiedlung, Klinkengrund sowie das Gewerbegebiet Seedoche, es gibt insgesamt 11 Wohnpl\u00e4tzen sowie den Gemeindeteil Weitzgrund und 14&nbsp;weiteren Ortsteilen von Bad Belzig.&nbsp;<\/p>\n\n\n\n<p>Es gibt eine Menge in und um Bad Belzig zu entdecken, eine bunte Auswahl haben wir hier zusammengetragen, um zu einer Reise oder einem Besuch zu inspirieren.&nbsp;<\/p>\n\n\n\n<p>Die Internetseiten des hier vorgestellten haben wir Dir im Blogartikel auf unserer Webseite<a rel=\"noreferrer noopener\" href=\"http:\/\/www.visitflaeming.com\" data-type=\"URL\" data-id=\"www.visitflaeming.com\" target=\"_blank\"> www.visitflaeming.com<\/a> verlinkt, so kommst Du schnell an weitere Informationen.&nbsp;<\/p>\n\n\n\n<p>Burg Eisenhardt<\/p>\n\n\n\n<p>Am s\u00fcdwestlichen Stadtrand auf einer Anh\u00f6he (Bricciusberg) von Bad Belzig gelegen befindet sich die gut erhaltene (H\u00f6henburg), die <strong>Burg Eisenhardt. <\/strong>&nbsp;<\/p>\n\n\n\n<p>Unweit der Burg befindet sich die kleine&nbsp;Sankt-Briccius-Kirche, eine denkmalgesch\u00fctze Saalkirche aus dem 12. Jahrhundert.&nbsp;<\/p>\n\n\n\n<p>997 wurde Bad Belzig erstmals als&nbsp;Burgward&nbsp;urkundlich erw\u00e4hnt.&nbsp;<\/p>\n\n\n\n<p>Die Burganlage besteht aus einer unregelm\u00e4\u00dfig gestalteten siebeneckigen \u00e4u\u00dferen Ringmauer. An jeder Ecke befindet sich ein Rondell mit verst\u00e4rktem Mauerwerk, jedes mit Schie\u00dfscharten zur Verteidigung ausgestattet.<\/p>\n\n\n\n<p>Die zwei s\u00fcdlich gelegenen Rondelle sind dabei in das sp\u00e4ter schlossartig ausgebaute&nbsp;Torhaus&nbsp; integriert worden.<\/p>\n\n\n\n<p>Das gr\u00f6\u00dfte Rondell ist das Nord-Ost-Rondell, welches zus\u00e4tzlich eine acht Meter tiefe Zisterne zur Wasserversorgung beherbergte.&nbsp;<\/p>\n\n\n\n<p>Markant und weithin sichtbar ist der Anfang des 13. Jahrhundert aus Feldsteinen errichtete Bergfried, auch Burgfried genannt, im Innenhof der Burg. Das 28 Meter hohe und runde Bauwerk wird als Aussichtsturm genutzt. Von dort hat man einen phantastischen Blick \u00fcber Bad Belzig und den Fl\u00e4ming. &nbsp;<\/p>\n\n\n\n<p>Wer mehr \u00fcber die Geschichte der Burg Eisenhardt erfahren m\u00f6chte, kommt zu einem Besuch nach Bad Belzig. Zum \u00dcbernachten bietet sich unter anderem das Burghotel Bad Belzig an. Auf der Burg gibt es neben einer Chocolateria auch noch einen Burgkeller, der f\u00fcr Veranstaltungen gebucht werden kann.<\/p>\n\n\n\n<p>SteinTherme Bad Belzig&nbsp;<\/p>\n\n\n\n<p>Der SteinTherme hat Belzig wohl den Zusatz Bad zu verdanken, f\u00f6rdert diese doch ihr warmes salzhaltiges Thermalwasser aus einer Tiefe von 775 Meter. Wer mehr \u00fcber die SteinTherme erfahren m\u00f6chte, h\u00f6rt einfach in Podcastfolge 10 rein, dort haben wir diese ausf\u00fchrlich vorgestellt. Den Link dazu findest Du hier in den Shownotes oder auf unserer Internetseite, <a href=\"http:\/\/www.visitflaeming.com\">www.visitflaeming.com<\/a><\/p>\n\n\n\n<p>Der Bahnhof Bad Belzig hat sich in den letzten Jahren als Startpunkt und Anlaufpunkt f\u00fcr Unternehmungen in und um Bad Belzig etabliert, dient er doch heute nicht nur mehr dem Ein und Aussteigen aus dem Zug, der auf seinem Weg von Berlin nach Dessau einen Halt einlegt.&nbsp;<\/p>\n\n\n\n<p>Dort gibt es viel Info-Material f\u00fcr Aktivit\u00e4ten in der Region.<\/p>\n\n\n\n<p>Am Fl\u00e4ming-Bahnhof kannst Du eine erlesene Auswahl regionaler Produkte einkaufen und diese als Erinnerung an einen sch\u00f6nen Ausflug mit nach Hause nehmen, oder gleich als Proviant auf einer Fahrradtour verk\u00f6stigen. Vom Kinderfahrrad bis zum E-Bike kannst Du dir n\u00e4mlich am Bahnhof einen passenden Drahtesel ausleihen, der Dich durch den Fl\u00e4ming tr\u00e4gt. Eine Vorbestellung wird in jedem Fall empfohlen.<\/p>\n\n\n\n<p>Das Bistro im Bahnhof h\u00e4lt zudem Kaffee,Kuchen und viele andere leckere Sachen f\u00fcr den hungrigen Durchreisenden bereit. &nbsp;<\/p>\n\n\n\n<p>Das Zentrum f\u00fcr experimentelle Gesellschaftsgestaltung kurz ZEGG genannt, ist ein weitere Institution die schon mehr als 25 Jahre zur Bekanntheit von Bad Belzig beitr\u00e4gt. Das ZEGG versteht sich als Bildungszentrum und Lebensgemeinschaft in der um die 100 Menschen in gemeinschaftlicher Kooperation ihr soziales Leben in der von ihnen gestalteten Infrastruktur leben.&nbsp;<\/p>\n\n\n\n<p>Kernpunkte sind soziale und \u00f6kologische Experimente mit Fokus auf pers\u00f6nliches Wachstum, Kunst und Gemeinschaft.&nbsp;<\/p>\n\n\n\n<p>Wenn Du mehr \u00fcber das Leben im ZEGG erfahren m\u00f6chtest, kannst Du an einer der regelm\u00e4\u00dfig veranstalteten Sonntagsf\u00fchrungen teilnehmen und bekommst Einblicke in aktuelle \u00f6kologische Projekte, in die vielf\u00e4ltige Geschichte des 16 Hektar gro\u00dfen Gel\u00e4ndes und findest Raum f\u00fcr anregende Gespr\u00e4che und Fragen rund ums ZEGG.<\/p>\n\n\n\n<p>Das Umfangreiche Veranstaltung,- und Seminarprogramm findest Du auf der Webseite des ZEGG, die wir Dir hier in den Shownotes verlinken. &nbsp;<\/p>\n\n\n\n<p><a href=\"https:\/\/www.zegg.de\">https:\/\/www.zegg.de<\/a><\/p>\n\n\n\n<p>Freunde von Kunst &amp; Kultur k\u00f6nnen in Bad Belzig ein Besuch im Roger-Loewig-Haus einplanen, das 2009 er\u00f6ffnet wurde und in einer Dauerausstellung einen \u00dcberblick \u00fcber das Leben und Schaffen des Malers, Zeichners und Dichters Roger Loewig gibt.&nbsp;<\/p>\n\n\n\n<p>Wer sich gerne in der Natur bewegt, kommt auf dem Panoramawanderweg rund um Bad Belzig auf seine Kosten, oder zieht die Schuhe und Socken aus und begibt sich auf den Barfu\u00dfwanderweg, einen von vielen Wanderm\u00f6glichkeiten vor Ort.&nbsp;<\/p>\n\n\n\n<p>Auch der Internationale Kunstwanderweg startet oder endet in Bad Belzig, ebenso wie der Naturerlebnispfad.&nbsp;<\/p>\n\n\n\n<p>Alle Infos zu den Wanderungen findest Du auf unserer Internetseite verlinkt.&nbsp;<\/p>\n\n\n\n<p>Whiskybier oder lieber der klassische Single Malt aus der Manufaktur, wof\u00fcr schl\u00e4gt Dein Herz? <\/p>\n\n\n\n<p>Wenn Du das noch nicht wei\u00dft aber herausfinden m\u00f6chtest, hilft vielleicht ein Besuch in der Destillerie Old Sandhill im Familienunternehmen am alten Sandberg, wo regelm\u00e4\u00dfig Verkrustungen stattfinden.&nbsp;<\/p>\n\n\n\n<figure class=\"wp-block-embed is-type-wp-embed is-provider-old-sandhill-single-malt-whisky wp-block-embed-old-sandhill-single-malt-whisky\"><div class=\"wp-block-embed__wrapper\">\n<blockquote class=\"wp-embedded-content\" data-secret=\"4REPdt877R\"><a href=\"https:\/\/sandhill-whisky.com\/\">Startseite<\/a><\/blockquote><iframe class=\"wp-embedded-content\" sandbox=\"allow-scripts\" security=\"restricted\" style=\"position: absolute; clip: rect(1px, 1px, 1px, 1px);\" title=\"&#8222;Startseite&#8220; &#8212; Old Sandhill - Single Malt Whisky\" src=\"https:\/\/sandhill-whisky.com\/embed\/#?secret=4REPdt877R\" data-secret=\"4REPdt877R\" width=\"600\" height=\"338\" frameborder=\"0\" marginwidth=\"0\" marginheight=\"0\" scrolling=\"no\"><\/iframe>\n<\/div><\/figure>\n\n\n\n<p>Ein f\u00fcr Viele vielleicht etwas abstraktes Event ist das \u201eErlebnisschie\u00dfen f\u00fcr Jedermann\u201c.<\/p>\n\n\n\n<p>Auf der Schiesssportanlage Bad Belzig kannst Du unter Anleitung eines erfahrenen Schie\u00dfleiters Deine Treffsicherheit herausfinden. Das geht zum Beispiel mit der Kurzwaffe also Pistole oder Revolver, dem Kleinkaliber-Gewehr auf Zielscheiben oder mit der Schrotflinte wo auf Wurfscheiben, die gelegentlich auch als Tontaube bezeichnet werden, geschossen wird.&nbsp;<\/p>\n\n\n\n<p>Die Anlage wurde vor Kurzem komplett erneuert und mit neuster Technik ausgestattet.&nbsp;<\/p>\n\n\n\n<p><a href=\"https:\/\/new.schiesssportanlage-badbelzig.de\">https:\/\/new.schiesssportanlage-badbelzig.de<\/a><\/p>\n\n\n\n<p>Wer sich im Sommer, also zwischen Mai und September abk\u00fchlen m\u00f6chte, taucht ein in das Becken des Freizeit- und Erlebnisbades in Bad Belzig. Das highlight im Freibad und ein garantierter Spa\u00df f\u00fcr gro\u00df und klein ist sicherlich die 55 Meter lange Erlebnisrutsche.&nbsp;<\/p>\n\n\n\n<p>Zudem gibt es einen Str\u00f6mungskanal, Wasserspiele und ein Becken f\u00fcr Kinder f\u00fcr abwechslungsreichen Badespa\u00df.<\/p>\n\n\n\n<p>Wir hoffe, dass Dir der kurze Ausflug nach Bad Belzig gef\u00e4llt und Du Lust hast vorbeizuschauen. Die Stadt bietet noch viel viel mehr f\u00fcr seine Besucher, wir w\u00fcnschen Dir viel Spa\u00df beim Entdecken.&nbsp;<\/p>\n\n\n\n<p>Wenn Du Dir die Inhalte des Podcast nochmal in Ruhe durchlesen m\u00f6chtest, oder Du die Links zu den vorgestellten Internetseiten suchst, dann findest Du den Blog Artikel dazu auf unserer Internetseite <a href=\"http:\/\/www.visitflaeming.com\">www.visitflaeming.com<\/a>&nbsp;<\/p>\n\n\n\n<p>Um keine weitere Folge zu verpassen, abonniere gleich den visitFl\u00e4ming Podcast.<\/p>\n\n\n\n<p>Wenn Dir der Podcast gef\u00e4llt, freuen wir uns \u00fcber eine positive Bewertung bei iTunes!&nbsp;<\/p>\n\n\n\n<p>Und wir m\u00f6chten Dich bitten den Podcast mit Freunde und Bekannte zu teilen!&nbsp;<\/p>\n\n\n\n<p>Hilf uns viele Menschen zu erreichen!<\/p>\n\n\n\n<p>Daf\u00fcr danken wir Dir herzlich.<\/p>\n\n\n\n<p>Danke f\u00fcrs Zuh\u00f6ren!&nbsp;<\/p>\n\n\n\n<p><\/p>\n\n\n\n<p>\u00a9 visitFl\u00e4ming 2021<\/p>\n\n\n\n<p>Mit freundlicher Unterst\u00fctzung von 52\u00b0Nord Immobilien: <a rel=\"noreferrer noopener\" href=\"https:\/\/www.52gradnord.immo\" target=\"_blank\">https:\/\/www.52gradnord.immo<\/a> Deinem Immobilienmakler aus dem Fl\u00e4ming !<\/p>\n","protected":false},"excerpt":{"rendered":"<p>Link zum &#x1f449; Podcast Als Bad darf sich Belzig erst seit 2010 bezeichnen. Heute ist Bad Belzig Kreisstadt des Landkreises Potsdam-Mittelmark und staatlich anerkanntes Thermalsole-Heilbad im Fl\u00e4ming. &nbsp; Hallo und herzlich Willkommen zum visitFl\u00e4ming Podcast, Deinem Podcast f\u00fcr die Reise &amp; Erlebnisregion Fl\u00e4ming. Nach unserem Motto \u201e Lust auf mehr<\/p>\n","protected":false},"author":1,"featured_media":0,"comment_status":"closed","ping_status":"closed","sticky":false,"template":"","format":"standard","meta":[],"categories":[14],"tags":[5,18,6,22,11,29,17,45,58,57,15,56,59],"_links":{"self":[{"href":"https:\/\/www.visitflaeming.com\/index.php?rest_route=\/wp\/v2\/posts\/567"}],"collection":[{"href":"https:\/\/www.visitflaeming.com\/index.php?rest_route=\/wp\/v2\/posts"}],"about":[{"href":"https:\/\/www.visitflaeming.com\/index.php?rest_route=\/wp\/v2\/types\/post"}],"author":[{"embeddable":true,"href":"https:\/\/www.visitflaeming.com\/index.php?rest_route=\/wp\/v2\/users\/1"}],"replies":[{"embeddable":true,"href":"https:\/\/www.visitflaeming.com\/index.php?rest_route=%2Fwp%2Fv2%2Fcomments&post=567"}],"version-history":[{"count":9,"href":"https:\/\/www.visitflaeming.com\/index.php?rest_route=\/wp\/v2\/posts\/567\/revisions"}],"predecessor-version":[{"id":647,"href":"https:\/\/www.visitflaeming.com\/index.php?rest_route=\/wp\/v2\/posts\/567\/revisions\/647"}],"wp:attachment":[{"href":"https:\/\/www.visitflaeming.com\/index.php?rest_route=%2Fwp%2Fv2%2Fmedia&parent=567"}],"wp:term":[{"taxonomy":"category","embeddable":true,"href":"https:\/\/www.visitflaeming.com\/index.php?rest_route=%2Fwp%2Fv2%2Fcategories&post=567"},{"taxonomy":"post_tag","embeddable":true,"href":"https:\/\/www.visitflaeming.com\/index.php?rest_route=%2Fwp%2Fv2%2Ftags&post=567"}],"curies":[{"name":"wp","href":"https:\/\/api.w.org\/{rel}","templated":true}]}}