{"id":235,"date":"2019-04-18T16:10:35","date_gmt":"2019-04-18T14:10:35","guid":{"rendered":"http:\/\/www.visitflaeming.com\/?p=235"},"modified":"2019-04-18T16:15:42","modified_gmt":"2019-04-18T14:15:42","slug":"flaeming-burgenradtour","status":"publish","type":"post","link":"https:\/\/www.visitflaeming.com\/?p=235","title":{"rendered":"Fl\u00e4ming-Burgenradtour"},"content":{"rendered":"\n<p>Nunmehr zum 7. Mal findet die Fl\u00e4ming &#8211; Burgenradtour statt. Was 2013 erstmals begann findet seine Fortsetzung vom 27.- 29. September 2019.<\/p>\n\n\n\n<p>Gestartet wird jeweils um 09:30 Uhr vor der Stein-Therme in Bad Belzig. Teilnehmer sollten bis sp\u00e4testens 09:00 Uhr am Startpunkt sein, um die Anmeldeformalit\u00e4ten zu erledigen und die Startgeb\u00fchr in H\u00f6he von 7,50 Euro zu entrichten. <\/p>\n\n\n\n<p>Weitere Infos zur Tour gibt es auf der Seite der Veranstalter: <a href=\"http:\/\/www.fl\u00e4ming-burgenradtour.de\" target=\"_blank\" rel=\"noreferrer noopener\" aria-label=\"http:\/\/www.fl\u00e4ming-burgenradtour.de (\u00f6ffnet in neuem Tab)\">http:\/\/www.fl\u00e4ming-burgenradtour.de<\/a><\/p>\n\n\n\n<p><\/p>\n","protected":false},"excerpt":{"rendered":"<p>Nunmehr zum 7. Mal findet die Fl\u00e4ming &#8211; Burgenradtour statt. Was 2013 erstmals begann findet seine Fortsetzung vom 27.- 29. September 2019. Gestartet wird jeweils um 09:30 Uhr vor der Stein-Therme in Bad Belzig. Teilnehmer sollten bis sp\u00e4testens 09:00 Uhr am Startpunkt sein, um die Anmeldeformalit\u00e4ten zu erledigen und die<\/p>\n","protected":false},"author":1,"featured_media":0,"comment_status":"closed","ping_status":"closed","sticky":false,"template":"","format":"standard","meta":[],"categories":[1],"tags":[],"_links":{"self":[{"href":"https:\/\/www.visitflaeming.com\/index.php?rest_route=\/wp\/v2\/posts\/235"}],"collection":[{"href":"https:\/\/www.visitflaeming.com\/index.php?rest_route=\/wp\/v2\/posts"}],"about":[{"href":"https:\/\/www.visitflaeming.com\/index.php?rest_route=\/wp\/v2\/types\/post"}],"author":[{"embeddable":true,"href":"https:\/\/www.visitflaeming.com\/index.php?rest_route=\/wp\/v2\/users\/1"}],"replies":[{"embeddable":true,"href":"https:\/\/www.visitflaeming.com\/index.php?rest_route=%2Fwp%2Fv2%2Fcomments&post=235"}],"version-history":[{"count":3,"href":"https:\/\/www.visitflaeming.com\/index.php?rest_route=\/wp\/v2\/posts\/235\/revisions"}],"predecessor-version":[{"id":238,"href":"https:\/\/www.visitflaeming.com\/index.php?rest_route=\/wp\/v2\/posts\/235\/revisions\/238"}],"wp:attachment":[{"href":"https:\/\/www.visitflaeming.com\/index.php?rest_route=%2Fwp%2Fv2%2Fmedia&parent=235"}],"wp:term":[{"taxonomy":"category","embeddable":true,"href":"https:\/\/www.visitflaeming.com\/index.php?rest_route=%2Fwp%2Fv2%2Fcategories&post=235"},{"taxonomy":"post_tag","embeddable":true,"href":"https:\/\/www.visitflaeming.com\/index.php?rest_route=%2Fwp%2Fv2%2Ftags&post=235"}],"curies":[{"name":"wp","href":"https:\/\/api.w.org\/{rel}","templated":true}]}}